{"id":5104,"date":"2025-05-25T15:18:26","date_gmt":"2025-05-25T15:18:26","guid":{"rendered":"https:\/\/www.palmaresliving.com\/blog\/ferias-perfeitas-no-palmares-elegancia-natureza-e-mar\/"},"modified":"2025-07-30T12:14:30","modified_gmt":"2025-07-30T12:14:30","slug":"ferias-com-tempo-espaco-e-mar-descubra-uma-nova-forma-de-abrandar","status":"publish","type":"post","link":"https:\/\/www.palmaresliving.com\/pt-pt\/blog\/ferias-com-tempo-espaco-e-mar-descubra-uma-nova-forma-de-abrandar\/","title":{"rendered":"F\u00e9rias com tempo, espa\u00e7o e mar. Descubra uma nova forma de abrandar."},"content":{"rendered":"<h5>Acordar com vista mar<\/h5>\n<p>Imagine acordar lentamente num quarto com varanda privativa, onde a primeira imagem do dia \u00e9 o oceano a brilhar com a luz suave da manh\u00e3. Quer fique no Beach House Hotel ou num dos Signature Apartments, o conforto e a eleg\u00e2ncia s\u00e3o constantes. Um pequeno-almo\u00e7o servido com produtos locais, vista para a natureza e um servi\u00e7o atento completam o in\u00edcio perfeito do dia.  <\/p>\n<p>&nbsp;<\/p>\n<p><img fetchpriority=\"high\" decoding=\"async\" class=\"alignnone wp-image-1867 size-full\" src=\"https:\/\/www.palmaresliving.com\/wp-content\/uploads\/2025\/04\/palmares-duplex-living-room-ocean-view.png\" alt=\"Sala de estar do duplex em Palmares com vista panor\u00e2mica sobre o mar e zona de refei\u00e7\u00f5es exterior\" width=\"1024\" height=\"1024\" srcset=\"https:\/\/www.palmaresliving.com\/wp-content\/uploads\/2025\/04\/palmares-duplex-living-room-ocean-view.png 1024w, https:\/\/www.palmaresliving.com\/wp-content\/uploads\/2025\/04\/palmares-duplex-living-room-ocean-view-300x300.png 300w, https:\/\/www.palmaresliving.com\/wp-content\/uploads\/2025\/04\/palmares-duplex-living-room-ocean-view-150x150.png 150w, https:\/\/www.palmaresliving.com\/wp-content\/uploads\/2025\/04\/palmares-duplex-living-room-ocean-view-768x768.png 768w\" sizes=\"(max-width: 1024px) 100vw, 1024px\" \/><\/p>\n<p><img decoding=\"async\" class=\"alignnone wp-image-1863 size-full\" src=\"https:\/\/www.palmaresliving.com\/wp-content\/uploads\/2025\/04\/palmares-t1-living-room-garden-view.png\" alt=\"Sala de estar luminosa com acesso direto ao jardim e natureza envolvente em T1.\" width=\"1024\" height=\"1024\" srcset=\"https:\/\/www.palmaresliving.com\/wp-content\/uploads\/2025\/04\/palmares-t1-living-room-garden-view.png 1024w, https:\/\/www.palmaresliving.com\/wp-content\/uploads\/2025\/04\/palmares-t1-living-room-garden-view-300x300.png 300w, https:\/\/www.palmaresliving.com\/wp-content\/uploads\/2025\/04\/palmares-t1-living-room-garden-view-150x150.png 150w, https:\/\/www.palmaresliving.com\/wp-content\/uploads\/2025\/04\/palmares-t1-living-room-garden-view-768x768.png 768w\" sizes=\"(max-width: 1024px) 100vw, 1024px\" \/><\/p>\n<p>&nbsp;<\/p>\n<h5>Manh\u00e3s de calma ou aventura<\/h5>\n<p>Depois do pequeno-almo\u00e7o, pode optar por relaxar na piscina com vista panor\u00e2mica, explorar os trilhos pedestres do resort ou dar um mergulho nas praias tranquilas a poucos minutos de dist\u00e2ncia. Se gosta de desporto, o campo de golfe do Palmares \u00e9 considerado um dos mais belos da Europa, combinando desafio t\u00e9cnico com paisagens deslumbrantes. <\/p>\n<p>&nbsp;<\/p>\n<p><img decoding=\"async\" class=\"aligncenter wp-image-4428 size-full\" src=\"https:\/\/www.palmaresliving.com\/wp-content\/uploads\/2025\/06\/palmares-golf-clubhouse-min.jpg\" alt=\"Clubhouse premiado com vista para o mar no Palmares Golf, Lagos, Algarve, Portugal.\" width=\"1080\" height=\"1080\" srcset=\"https:\/\/www.palmaresliving.com\/wp-content\/uploads\/2025\/06\/palmares-golf-clubhouse-min.jpg 1080w, https:\/\/www.palmaresliving.com\/wp-content\/uploads\/2025\/06\/palmares-golf-clubhouse-min-300x300.jpg 300w, https:\/\/www.palmaresliving.com\/wp-content\/uploads\/2025\/06\/palmares-golf-clubhouse-min-1024x1024.jpg 1024w, https:\/\/www.palmaresliving.com\/wp-content\/uploads\/2025\/06\/palmares-golf-clubhouse-min-150x150.jpg 150w, https:\/\/www.palmaresliving.com\/wp-content\/uploads\/2025\/06\/palmares-golf-clubhouse-min-768x768.jpg 768w\" sizes=\"(max-width: 1080px) 100vw, 1080px\" \/><\/p>\n<p><img loading=\"lazy\" decoding=\"async\" class=\"alignnone wp-image-1834 size-full\" src=\"https:\/\/www.palmaresliving.com\/wp-content\/uploads\/2025\/04\/panoramic-balcony-pool-golf-ocean-palmares.png\" alt=\"Varanda panor\u00e2mica com vista para a piscina, campo de golfe e oceano no Palmares Beach House Hotel.\" width=\"1024\" height=\"1024\" srcset=\"https:\/\/www.palmaresliving.com\/wp-content\/uploads\/2025\/04\/panoramic-balcony-pool-golf-ocean-palmares.png 1024w, https:\/\/www.palmaresliving.com\/wp-content\/uploads\/2025\/04\/panoramic-balcony-pool-golf-ocean-palmares-300x300.png 300w, https:\/\/www.palmaresliving.com\/wp-content\/uploads\/2025\/04\/panoramic-balcony-pool-golf-ocean-palmares-150x150.png 150w, https:\/\/www.palmaresliving.com\/wp-content\/uploads\/2025\/04\/panoramic-balcony-pool-golf-ocean-palmares-768x768.png 768w\" sizes=\"(max-width: 1024px) 100vw, 1024px\" \/><\/p>\n<p>&nbsp;<\/p>\n<h5>Almo\u00e7o leve com sabor local<\/h5>\n<p>Ao final da manh\u00e3, o Clubhouse convida a um almo\u00e7o leve e saboroso, onde o menu destaca ingredientes frescos e da regi\u00e3o. \u00c9 o momento ideal para fazer uma pausa, apreciar a vista e planear a tarde. <\/p>\n<p>&nbsp;<\/p>\n<p><img loading=\"lazy\" decoding=\"async\" class=\"alignnone wp-image-1620 size-full\" src=\"https:\/\/www.palmaresliving.com\/wp-content\/uploads\/2025\/04\/clubhouse-palmares-algarve-arquitetura.png\" alt=\"Clubhouse em Palmares com arquitetura contempor\u00e2nea rodeada por pinheiros.\" width=\"1135\" height=\"1512\" srcset=\"https:\/\/www.palmaresliving.com\/wp-content\/uploads\/2025\/04\/clubhouse-palmares-algarve-arquitetura.png 1135w, https:\/\/www.palmaresliving.com\/wp-content\/uploads\/2025\/04\/clubhouse-palmares-algarve-arquitetura-225x300.png 225w, https:\/\/www.palmaresliving.com\/wp-content\/uploads\/2025\/04\/clubhouse-palmares-algarve-arquitetura-769x1024.png 769w, https:\/\/www.palmaresliving.com\/wp-content\/uploads\/2025\/04\/clubhouse-palmares-algarve-arquitetura-768x1023.png 768w\" sizes=\"(max-width: 1135px) 100vw, 1135px\" \/><\/p>\n<p><img loading=\"lazy\" decoding=\"async\" class=\"alignnone wp-image-1604 size-full\" src=\"https:\/\/www.palmaresliving.com\/wp-content\/uploads\/2025\/04\/palmares-living-praia-vista-aerea-litoral-lagos.png\" alt=\"Vista a\u00e9rea panor\u00e2mica da Meia Praia e da costa de Lagos, com a ria e o mar em destaque \u2014 natureza preservada num cen\u00e1rio paradis\u00edaco do Algarve.\" width=\"1081\" height=\"1080\" srcset=\"https:\/\/www.palmaresliving.com\/wp-content\/uploads\/2025\/04\/palmares-living-praia-vista-aerea-litoral-lagos.png 1081w, https:\/\/www.palmaresliving.com\/wp-content\/uploads\/2025\/04\/palmares-living-praia-vista-aerea-litoral-lagos-300x300.png 300w, https:\/\/www.palmaresliving.com\/wp-content\/uploads\/2025\/04\/palmares-living-praia-vista-aerea-litoral-lagos-1024x1024.png 1024w, https:\/\/www.palmaresliving.com\/wp-content\/uploads\/2025\/04\/palmares-living-praia-vista-aerea-litoral-lagos-150x150.png 150w, https:\/\/www.palmaresliving.com\/wp-content\/uploads\/2025\/04\/palmares-living-praia-vista-aerea-litoral-lagos-768x767.png 768w\" sizes=\"(max-width: 1081px) 100vw, 1081px\" \/><\/p>\n<p>&nbsp;<\/p>\n<h5>Tarde de bem-estar e liberdade<\/h5>\n<p>As tardes no Palmares s\u00e3o feitas de liberdade: pode escolher uma massagem relaxante, uma sesta no terra\u00e7o privado ou uma escapadinha at\u00e9 \u00e0 cidade de Lagos para descobrir o patrim\u00f3nio local. Aqui, o tempo n\u00e3o corre \u2014 flui. <\/p>\n<p>&nbsp;<\/p>\n<p><img loading=\"lazy\" decoding=\"async\" class=\"alignnone wp-image-1623 size-full\" src=\"https:\/\/www.palmaresliving.com\/wp-content\/uploads\/2025\/04\/mulher-piscina-palmares-algarve.png\" alt=\"Mulher relaxa na piscina ao ar livre rodeada por natureza em Palmares, Algarve.\" width=\"1081\" height=\"1080\" srcset=\"https:\/\/www.palmaresliving.com\/wp-content\/uploads\/2025\/04\/mulher-piscina-palmares-algarve.png 1081w, https:\/\/www.palmaresliving.com\/wp-content\/uploads\/2025\/04\/mulher-piscina-palmares-algarve-300x300.png 300w, https:\/\/www.palmaresliving.com\/wp-content\/uploads\/2025\/04\/mulher-piscina-palmares-algarve-1024x1024.png 1024w, https:\/\/www.palmaresliving.com\/wp-content\/uploads\/2025\/04\/mulher-piscina-palmares-algarve-150x150.png 150w, https:\/\/www.palmaresliving.com\/wp-content\/uploads\/2025\/04\/mulher-piscina-palmares-algarve-768x767.png 768w\" sizes=\"(max-width: 1081px) 100vw, 1081px\" \/><\/p>\n<p><img loading=\"lazy\" decoding=\"async\" class=\"alignnone wp-image-1298 size-full\" src=\"https:\/\/www.palmaresliving.com\/wp-content\/uploads\/2025\/04\/palmares-couple-at-outdoor-table-min.jpg\" alt=\"palmares couple at outdoor table\" width=\"1000\" height=\"1321\" srcset=\"https:\/\/www.palmaresliving.com\/wp-content\/uploads\/2025\/04\/palmares-couple-at-outdoor-table-min.jpg 1000w, https:\/\/www.palmaresliving.com\/wp-content\/uploads\/2025\/04\/palmares-couple-at-outdoor-table-min-227x300.jpg 227w, https:\/\/www.palmaresliving.com\/wp-content\/uploads\/2025\/04\/palmares-couple-at-outdoor-table-min-775x1024.jpg 775w, https:\/\/www.palmaresliving.com\/wp-content\/uploads\/2025\/04\/palmares-couple-at-outdoor-table-min-768x1015.jpg 768w\" sizes=\"(max-width: 1000px) 100vw, 1000px\" \/><\/p>\n<p><img loading=\"lazy\" decoding=\"async\" class=\"alignnone wp-image-1587 size-full\" src=\"https:\/\/www.palmaresliving.com\/wp-content\/uploads\/2025\/04\/palmares-living-terrac%CC%A7o-solarium-mar.png\" alt=\"Espa\u00e7o de sol\u00e1rio com espregui\u00e7adeiras modernas e vista para o mar no Palmares Living \u2014 arquitetura contempor\u00e2nea em perfeita sintonia com o c\u00e9u e oceano.\" width=\"1134\" height=\"1512\"><\/p>\n<p>&nbsp;<\/p>\n<h5>P\u00f4r do sol memor\u00e1vel<\/h5>\n<p>Ao fim da tarde, n\u00e3o perca o momento mais emblem\u00e1tico do dia: o p\u00f4r-do-sol sobre o mar. Quer esteja a saborear um cocktail no Clubhouse ou simplesmente sentado na varanda, este \u00e9 o instante em que tudo parece parar. Um privil\u00e9gio reservado a quem est\u00e1 no lugar certo.  <\/p>\n<p>&nbsp;<\/p>\n<p><img loading=\"lazy\" decoding=\"async\" class=\"alignnone wp-image-1622 size-full\" src=\"https:\/\/www.palmaresliving.com\/wp-content\/uploads\/2025\/04\/pombos-voar-praia-palmares-lagos.png\" alt=\"Bando de pombos a voar ao entardecer na praia de Palmares em Lagos.\" width=\"1134\" height=\"1512\" srcset=\"https:\/\/www.palmaresliving.com\/wp-content\/uploads\/2025\/04\/pombos-voar-praia-palmares-lagos.png 1134w, https:\/\/www.palmaresliving.com\/wp-content\/uploads\/2025\/04\/pombos-voar-praia-palmares-lagos-225x300.png 225w, https:\/\/www.palmaresliving.com\/wp-content\/uploads\/2025\/04\/pombos-voar-praia-palmares-lagos-768x1024.png 768w\" sizes=\"(max-width: 1134px) 100vw, 1134px\" \/><\/p>\n<p>&nbsp;<\/p>\n<h5>Jantar com estrela Michelin<\/h5>\n<p>Para fechar o dia com chave de ouro, o Restaurante Al Sud oferece uma experi\u00eancia gastron\u00f3mica com estrela Michelin. Sabores do Algarve reinterpretados com criatividade e precis\u00e3o, num ambiente requintado com vista para o Atl\u00e2ntico. <\/p>\n<p>&nbsp;<\/p>\n<p><img loading=\"lazy\" decoding=\"async\" class=\"alignnone wp-image-1308 size-full\" src=\"https:\/\/www.palmaresliving.com\/wp-content\/uploads\/2025\/04\/slider-clubhouse-2-min.jpg\" alt=\"\" width=\"1400\" height=\"1400\" srcset=\"https:\/\/www.palmaresliving.com\/wp-content\/uploads\/2025\/04\/slider-clubhouse-2-min.jpg 1400w, https:\/\/www.palmaresliving.com\/wp-content\/uploads\/2025\/04\/slider-clubhouse-2-min-300x300.jpg 300w, https:\/\/www.palmaresliving.com\/wp-content\/uploads\/2025\/04\/slider-clubhouse-2-min-1024x1024.jpg 1024w, https:\/\/www.palmaresliving.com\/wp-content\/uploads\/2025\/04\/slider-clubhouse-2-min-150x150.jpg 150w, https:\/\/www.palmaresliving.com\/wp-content\/uploads\/2025\/04\/slider-clubhouse-2-min-768x768.jpg 768w\" sizes=\"(max-width: 1400px) 100vw, 1400px\" \/><\/p>\n<p><img loading=\"lazy\" decoding=\"async\" class=\"alignnone wp-image-1309 size-full\" src=\"https:\/\/www.palmaresliving.com\/wp-content\/uploads\/2025\/04\/slider-clubhouse-3-min.jpg\" alt=\"\" width=\"1134\" height=\"1512\" srcset=\"https:\/\/www.palmaresliving.com\/wp-content\/uploads\/2025\/04\/slider-clubhouse-3-min.jpg 1134w, https:\/\/www.palmaresliving.com\/wp-content\/uploads\/2025\/04\/slider-clubhouse-3-min-225x300.jpg 225w, https:\/\/www.palmaresliving.com\/wp-content\/uploads\/2025\/04\/slider-clubhouse-3-min-768x1024.jpg 768w\" sizes=\"(max-width: 1134px) 100vw, 1134px\" \/><\/p>\n<p>&nbsp;<\/p>\n<h5>Mais do que f\u00e9rias, uma experi\u00eancia<\/h5>\n<p>Um dia no Palmares \u00e9 um convite a abrandar, respirar e saborear cada momento. \u00c9 a eleg\u00e2ncia da simplicidade, com a natureza como aliada e o conforto como garantido. <\/p>\n<p>&nbsp;<\/p>\n<p><img loading=\"lazy\" decoding=\"async\" class=\"alignnone wp-image-1625 size-full\" src=\"https:\/\/www.palmaresliving.com\/wp-content\/uploads\/2025\/04\/mao-relva-dunas-luz-natural.png\" alt=\"M\u00e3o a tocar na relva com luz natural dourada entre as dunas.\" width=\"1081\" height=\"1080\" srcset=\"https:\/\/www.palmaresliving.com\/wp-content\/uploads\/2025\/04\/mao-relva-dunas-luz-natural.png 1081w, https:\/\/www.palmaresliving.com\/wp-content\/uploads\/2025\/04\/mao-relva-dunas-luz-natural-300x300.png 300w, https:\/\/www.palmaresliving.com\/wp-content\/uploads\/2025\/04\/mao-relva-dunas-luz-natural-1024x1024.png 1024w, https:\/\/www.palmaresliving.com\/wp-content\/uploads\/2025\/04\/mao-relva-dunas-luz-natural-150x150.png 150w, https:\/\/www.palmaresliving.com\/wp-content\/uploads\/2025\/04\/mao-relva-dunas-luz-natural-768x767.png 768w\" sizes=\"(max-width: 1081px) 100vw, 1081px\" \/><\/p>\n<p><img loading=\"lazy\" decoding=\"async\" class=\"alignnone wp-image-1307 size-full\" src=\"https:\/\/www.palmaresliving.com\/wp-content\/uploads\/2025\/04\/slider-clubhouse-1-min.jpg\" alt=\"\" width=\"1134\" height=\"1512\" srcset=\"https:\/\/www.palmaresliving.com\/wp-content\/uploads\/2025\/04\/slider-clubhouse-1-min.jpg 1134w, https:\/\/www.palmaresliving.com\/wp-content\/uploads\/2025\/04\/slider-clubhouse-1-min-225x300.jpg 225w, https:\/\/www.palmaresliving.com\/wp-content\/uploads\/2025\/04\/slider-clubhouse-1-min-768x1024.jpg 768w\" sizes=\"(max-width: 1134px) 100vw, 1134px\" \/><\/p>\n<p>&nbsp;<\/p>\n","protected":false},"excerpt":{"rendered":"<p>Se est\u00e1 \u00e0 procura de um lugar onde a eleg\u00e2ncia encontra a natureza, onde o mar \u00e9 o pano de fundo constante e onde cada momento convida \u00e0 calma e \u00e0 contempla\u00e7\u00e3o, descubra como pode ser um dia de f\u00e9rias perfeito no Palmares. Situado entre o azul do Atl\u00e2ntico e o verde dos fairways, o Palmares \u00e9 um ref\u00fagio exclusivo no Algarve, pensado para quem procura mais do que apenas descanso: uma verdadeira experi\u00eancia. <\/p>\n","protected":false},"author":1,"featured_media":5099,"comment_status":"open","ping_status":"open","sticky":false,"template":"","format":"standard","meta":{"footnotes":""},"categories":[31],"tags":[],"class_list":["post-5104","post","type-post","status-publish","format-standard","has-post-thumbnail","hentry","category-fica"],"yoast_head":"<!-- This site is optimized with the Yoast SEO plugin v26.8 - https:\/\/yoast.com\/product\/yoast-seo-wordpress\/ -->\n<title>F\u00e9rias perfeitas no Palmares Algarve | Vista mar, eleg\u00e2ncia e natureza<\/title>\n<meta name=\"description\" content=\"Imagine um dia de f\u00e9rias perfeito no Algarve: vista mar, tranquilidade, conforto elegante e gastronomia com estrela Michelin no exclusivo Palmares.\" \/>\n<meta name=\"robots\" content=\"index, follow, max-snippet:-1, max-image-preview:large, max-video-preview:-1\" \/>\n<link rel=\"canonical\" href=\"https:\/\/www.palmaresliving.com\/pt-pt\/blog\/ferias-com-tempo-espaco-e-mar-descubra-uma-nova-forma-de-abrandar\/\" \/>\n<meta property=\"og:locale\" content=\"pt_PT\" \/>\n<meta property=\"og:type\" content=\"article\" \/>\n<meta property=\"og:title\" content=\"F\u00e9rias perfeitas no Palmares Algarve | Vista mar, eleg\u00e2ncia e natureza\" \/>\n<meta property=\"og:description\" content=\"Imagine um dia de f\u00e9rias perfeito no Algarve: vista mar, tranquilidade, conforto elegante e gastronomia com estrela Michelin no exclusivo Palmares.\" \/>\n<meta property=\"og:url\" content=\"https:\/\/www.palmaresliving.com\/pt-pt\/blog\/ferias-com-tempo-espaco-e-mar-descubra-uma-nova-forma-de-abrandar\/\" \/>\n<meta property=\"og:site_name\" content=\"Palmares\" \/>\n<meta property=\"article:published_time\" content=\"2025-05-25T15:18:26+00:00\" \/>\n<meta property=\"article:modified_time\" content=\"2025-07-30T12:14:30+00:00\" \/>\n<meta property=\"og:image\" content=\"https:\/\/www.palmaresliving.com\/wp-content\/uploads\/2025\/07\/article-A-Perfect-Holiday-at-Palmares-min.jpg\" \/>\n\t<meta property=\"og:image:width\" content=\"1200\" \/>\n\t<meta property=\"og:image:height\" content=\"1200\" \/>\n\t<meta property=\"og:image:type\" content=\"image\/jpeg\" \/>\n<meta name=\"author\" content=\"fred\" \/>\n<meta name=\"twitter:card\" content=\"summary_large_image\" \/>\n<meta name=\"twitter:label1\" content=\"Escrito por\" \/>\n\t<meta name=\"twitter:data1\" content=\"fred\" \/>\n\t<meta name=\"twitter:label2\" content=\"Tempo estimado de leitura\" \/>\n\t<meta name=\"twitter:data2\" content=\"2 minutos\" \/>\n<script type=\"application\/ld+json\" class=\"yoast-schema-graph\">{\"@context\":\"https:\/\/schema.org\",\"@graph\":[{\"@type\":\"Article\",\"@id\":\"https:\/\/www.palmaresliving.com\/pt-pt\/blog\/ferias-com-tempo-espaco-e-mar-descubra-uma-nova-forma-de-abrandar\/#article\",\"isPartOf\":{\"@id\":\"https:\/\/www.palmaresliving.com\/pt-pt\/blog\/ferias-com-tempo-espaco-e-mar-descubra-uma-nova-forma-de-abrandar\/\"},\"author\":{\"name\":\"fred\",\"@id\":\"https:\/\/www.palmaresliving.com\/pt-pt\/#\/schema\/person\/e8ba27dc255dfcb80e976dc20b1e9e7c\"},\"headline\":\"F\u00e9rias com tempo, espa\u00e7o e mar. Descubra uma nova forma de abrandar.\",\"datePublished\":\"2025-05-25T15:18:26+00:00\",\"dateModified\":\"2025-07-30T12:14:30+00:00\",\"mainEntityOfPage\":{\"@id\":\"https:\/\/www.palmaresliving.com\/pt-pt\/blog\/ferias-com-tempo-espaco-e-mar-descubra-uma-nova-forma-de-abrandar\/\"},\"wordCount\":387,\"commentCount\":0,\"publisher\":{\"@id\":\"https:\/\/www.palmaresliving.com\/pt-pt\/#organization\"},\"image\":{\"@id\":\"https:\/\/www.palmaresliving.com\/pt-pt\/blog\/ferias-com-tempo-espaco-e-mar-descubra-uma-nova-forma-de-abrandar\/#primaryimage\"},\"thumbnailUrl\":\"https:\/\/www.palmaresliving.com\/wp-content\/uploads\/2025\/07\/article-A-Perfect-Holiday-at-Palmares-min.jpg\",\"articleSection\":[\"Fica\"],\"inLanguage\":\"pt-PT\",\"potentialAction\":[{\"@type\":\"CommentAction\",\"name\":\"Comment\",\"target\":[\"https:\/\/www.palmaresliving.com\/pt-pt\/blog\/ferias-com-tempo-espaco-e-mar-descubra-uma-nova-forma-de-abrandar\/#respond\"]}]},{\"@type\":\"WebPage\",\"@id\":\"https:\/\/www.palmaresliving.com\/pt-pt\/blog\/ferias-com-tempo-espaco-e-mar-descubra-uma-nova-forma-de-abrandar\/\",\"url\":\"https:\/\/www.palmaresliving.com\/pt-pt\/blog\/ferias-com-tempo-espaco-e-mar-descubra-uma-nova-forma-de-abrandar\/\",\"name\":\"F\u00e9rias perfeitas no Palmares Algarve | Vista mar, eleg\u00e2ncia e natureza\",\"isPartOf\":{\"@id\":\"https:\/\/www.palmaresliving.com\/pt-pt\/#website\"},\"primaryImageOfPage\":{\"@id\":\"https:\/\/www.palmaresliving.com\/pt-pt\/blog\/ferias-com-tempo-espaco-e-mar-descubra-uma-nova-forma-de-abrandar\/#primaryimage\"},\"image\":{\"@id\":\"https:\/\/www.palmaresliving.com\/pt-pt\/blog\/ferias-com-tempo-espaco-e-mar-descubra-uma-nova-forma-de-abrandar\/#primaryimage\"},\"thumbnailUrl\":\"https:\/\/www.palmaresliving.com\/wp-content\/uploads\/2025\/07\/article-A-Perfect-Holiday-at-Palmares-min.jpg\",\"datePublished\":\"2025-05-25T15:18:26+00:00\",\"dateModified\":\"2025-07-30T12:14:30+00:00\",\"description\":\"Imagine um dia de f\u00e9rias perfeito no Algarve: vista mar, tranquilidade, conforto elegante e gastronomia com estrela Michelin no exclusivo Palmares.\",\"breadcrumb\":{\"@id\":\"https:\/\/www.palmaresliving.com\/pt-pt\/blog\/ferias-com-tempo-espaco-e-mar-descubra-uma-nova-forma-de-abrandar\/#breadcrumb\"},\"inLanguage\":\"pt-PT\",\"potentialAction\":[{\"@type\":\"ReadAction\",\"target\":[\"https:\/\/www.palmaresliving.com\/pt-pt\/blog\/ferias-com-tempo-espaco-e-mar-descubra-uma-nova-forma-de-abrandar\/\"]}]},{\"@type\":\"ImageObject\",\"inLanguage\":\"pt-PT\",\"@id\":\"https:\/\/www.palmaresliving.com\/pt-pt\/blog\/ferias-com-tempo-espaco-e-mar-descubra-uma-nova-forma-de-abrandar\/#primaryimage\",\"url\":\"https:\/\/www.palmaresliving.com\/wp-content\/uploads\/2025\/07\/article-A-Perfect-Holiday-at-Palmares-min.jpg\",\"contentUrl\":\"https:\/\/www.palmaresliving.com\/wp-content\/uploads\/2025\/07\/article-A-Perfect-Holiday-at-Palmares-min.jpg\",\"width\":1200,\"height\":1200,\"caption\":\"A Perfect Holiday at Palmares\"},{\"@type\":\"BreadcrumbList\",\"@id\":\"https:\/\/www.palmaresliving.com\/pt-pt\/blog\/ferias-com-tempo-espaco-e-mar-descubra-uma-nova-forma-de-abrandar\/#breadcrumb\",\"itemListElement\":[{\"@type\":\"ListItem\",\"position\":1,\"name\":\"Home\",\"item\":\"https:\/\/www.palmaresliving.com\/pt-pt\/home\/\"},{\"@type\":\"ListItem\",\"position\":2,\"name\":\"F\u00e9rias com tempo, espa\u00e7o e mar. Descubra uma nova forma de abrandar.\"}]},{\"@type\":\"WebSite\",\"@id\":\"https:\/\/www.palmaresliving.com\/pt-pt\/#website\",\"url\":\"https:\/\/www.palmaresliving.com\/pt-pt\/\",\"name\":\"Palmares\",\"description\":\"Palmares\",\"publisher\":{\"@id\":\"https:\/\/www.palmaresliving.com\/pt-pt\/#organization\"},\"potentialAction\":[{\"@type\":\"SearchAction\",\"target\":{\"@type\":\"EntryPoint\",\"urlTemplate\":\"https:\/\/www.palmaresliving.com\/pt-pt\/?s={search_term_string}\"},\"query-input\":{\"@type\":\"PropertyValueSpecification\",\"valueRequired\":true,\"valueName\":\"search_term_string\"}}],\"inLanguage\":\"pt-PT\"},{\"@type\":\"Organization\",\"@id\":\"https:\/\/www.palmaresliving.com\/pt-pt\/#organization\",\"name\":\"Palmares\",\"url\":\"https:\/\/www.palmaresliving.com\/pt-pt\/\",\"logo\":{\"@type\":\"ImageObject\",\"inLanguage\":\"pt-PT\",\"@id\":\"https:\/\/www.palmaresliving.com\/pt-pt\/#\/schema\/logo\/image\/\",\"url\":\"https:\/\/www.palmaresliving.com\/wp-content\/uploads\/2025\/03\/logo-palmares.svg\",\"contentUrl\":\"https:\/\/www.palmaresliving.com\/wp-content\/uploads\/2025\/03\/logo-palmares.svg\",\"width\":165,\"height\":15,\"caption\":\"Palmares\"},\"image\":{\"@id\":\"https:\/\/www.palmaresliving.com\/pt-pt\/#\/schema\/logo\/image\/\"}},{\"@type\":\"Person\",\"@id\":\"https:\/\/www.palmaresliving.com\/pt-pt\/#\/schema\/person\/e8ba27dc255dfcb80e976dc20b1e9e7c\",\"name\":\"fred\",\"sameAs\":[\"https:\/\/www.palmaresliving.com\"],\"url\":\"https:\/\/www.palmaresliving.com\/pt-pt\/blog\/author\/fred\/\"}]}<\/script>\n<!-- \/ Yoast SEO plugin. -->","yoast_head_json":{"title":"F\u00e9rias perfeitas no Palmares Algarve | Vista mar, eleg\u00e2ncia e natureza","description":"Imagine um dia de f\u00e9rias perfeito no Algarve: vista mar, tranquilidade, conforto elegante e gastronomia com estrela Michelin no exclusivo Palmares.","robots":{"index":"index","follow":"follow","max-snippet":"max-snippet:-1","max-image-preview":"max-image-preview:large","max-video-preview":"max-video-preview:-1"},"canonical":"https:\/\/www.palmaresliving.com\/pt-pt\/blog\/ferias-com-tempo-espaco-e-mar-descubra-uma-nova-forma-de-abrandar\/","og_locale":"pt_PT","og_type":"article","og_title":"F\u00e9rias perfeitas no Palmares Algarve | Vista mar, eleg\u00e2ncia e natureza","og_description":"Imagine um dia de f\u00e9rias perfeito no Algarve: vista mar, tranquilidade, conforto elegante e gastronomia com estrela Michelin no exclusivo Palmares.","og_url":"https:\/\/www.palmaresliving.com\/pt-pt\/blog\/ferias-com-tempo-espaco-e-mar-descubra-uma-nova-forma-de-abrandar\/","og_site_name":"Palmares","article_published_time":"2025-05-25T15:18:26+00:00","article_modified_time":"2025-07-30T12:14:30+00:00","og_image":[{"width":1200,"height":1200,"url":"https:\/\/www.palmaresliving.com\/wp-content\/uploads\/2025\/07\/article-A-Perfect-Holiday-at-Palmares-min.jpg","type":"image\/jpeg"}],"author":"fred","twitter_card":"summary_large_image","twitter_misc":{"Escrito por":"fred","Tempo estimado de leitura":"2 minutos"},"schema":{"@context":"https:\/\/schema.org","@graph":[{"@type":"Article","@id":"https:\/\/www.palmaresliving.com\/pt-pt\/blog\/ferias-com-tempo-espaco-e-mar-descubra-uma-nova-forma-de-abrandar\/#article","isPartOf":{"@id":"https:\/\/www.palmaresliving.com\/pt-pt\/blog\/ferias-com-tempo-espaco-e-mar-descubra-uma-nova-forma-de-abrandar\/"},"author":{"name":"fred","@id":"https:\/\/www.palmaresliving.com\/pt-pt\/#\/schema\/person\/e8ba27dc255dfcb80e976dc20b1e9e7c"},"headline":"F\u00e9rias com tempo, espa\u00e7o e mar. Descubra uma nova forma de abrandar.","datePublished":"2025-05-25T15:18:26+00:00","dateModified":"2025-07-30T12:14:30+00:00","mainEntityOfPage":{"@id":"https:\/\/www.palmaresliving.com\/pt-pt\/blog\/ferias-com-tempo-espaco-e-mar-descubra-uma-nova-forma-de-abrandar\/"},"wordCount":387,"commentCount":0,"publisher":{"@id":"https:\/\/www.palmaresliving.com\/pt-pt\/#organization"},"image":{"@id":"https:\/\/www.palmaresliving.com\/pt-pt\/blog\/ferias-com-tempo-espaco-e-mar-descubra-uma-nova-forma-de-abrandar\/#primaryimage"},"thumbnailUrl":"https:\/\/www.palmaresliving.com\/wp-content\/uploads\/2025\/07\/article-A-Perfect-Holiday-at-Palmares-min.jpg","articleSection":["Fica"],"inLanguage":"pt-PT","potentialAction":[{"@type":"CommentAction","name":"Comment","target":["https:\/\/www.palmaresliving.com\/pt-pt\/blog\/ferias-com-tempo-espaco-e-mar-descubra-uma-nova-forma-de-abrandar\/#respond"]}]},{"@type":"WebPage","@id":"https:\/\/www.palmaresliving.com\/pt-pt\/blog\/ferias-com-tempo-espaco-e-mar-descubra-uma-nova-forma-de-abrandar\/","url":"https:\/\/www.palmaresliving.com\/pt-pt\/blog\/ferias-com-tempo-espaco-e-mar-descubra-uma-nova-forma-de-abrandar\/","name":"F\u00e9rias perfeitas no Palmares Algarve | Vista mar, eleg\u00e2ncia e natureza","isPartOf":{"@id":"https:\/\/www.palmaresliving.com\/pt-pt\/#website"},"primaryImageOfPage":{"@id":"https:\/\/www.palmaresliving.com\/pt-pt\/blog\/ferias-com-tempo-espaco-e-mar-descubra-uma-nova-forma-de-abrandar\/#primaryimage"},"image":{"@id":"https:\/\/www.palmaresliving.com\/pt-pt\/blog\/ferias-com-tempo-espaco-e-mar-descubra-uma-nova-forma-de-abrandar\/#primaryimage"},"thumbnailUrl":"https:\/\/www.palmaresliving.com\/wp-content\/uploads\/2025\/07\/article-A-Perfect-Holiday-at-Palmares-min.jpg","datePublished":"2025-05-25T15:18:26+00:00","dateModified":"2025-07-30T12:14:30+00:00","description":"Imagine um dia de f\u00e9rias perfeito no Algarve: vista mar, tranquilidade, conforto elegante e gastronomia com estrela Michelin no exclusivo Palmares.","breadcrumb":{"@id":"https:\/\/www.palmaresliving.com\/pt-pt\/blog\/ferias-com-tempo-espaco-e-mar-descubra-uma-nova-forma-de-abrandar\/#breadcrumb"},"inLanguage":"pt-PT","potentialAction":[{"@type":"ReadAction","target":["https:\/\/www.palmaresliving.com\/pt-pt\/blog\/ferias-com-tempo-espaco-e-mar-descubra-uma-nova-forma-de-abrandar\/"]}]},{"@type":"ImageObject","inLanguage":"pt-PT","@id":"https:\/\/www.palmaresliving.com\/pt-pt\/blog\/ferias-com-tempo-espaco-e-mar-descubra-uma-nova-forma-de-abrandar\/#primaryimage","url":"https:\/\/www.palmaresliving.com\/wp-content\/uploads\/2025\/07\/article-A-Perfect-Holiday-at-Palmares-min.jpg","contentUrl":"https:\/\/www.palmaresliving.com\/wp-content\/uploads\/2025\/07\/article-A-Perfect-Holiday-at-Palmares-min.jpg","width":1200,"height":1200,"caption":"A Perfect Holiday at Palmares"},{"@type":"BreadcrumbList","@id":"https:\/\/www.palmaresliving.com\/pt-pt\/blog\/ferias-com-tempo-espaco-e-mar-descubra-uma-nova-forma-de-abrandar\/#breadcrumb","itemListElement":[{"@type":"ListItem","position":1,"name":"Home","item":"https:\/\/www.palmaresliving.com\/pt-pt\/home\/"},{"@type":"ListItem","position":2,"name":"F\u00e9rias com tempo, espa\u00e7o e mar. Descubra uma nova forma de abrandar."}]},{"@type":"WebSite","@id":"https:\/\/www.palmaresliving.com\/pt-pt\/#website","url":"https:\/\/www.palmaresliving.com\/pt-pt\/","name":"Palmares","description":"Palmares","publisher":{"@id":"https:\/\/www.palmaresliving.com\/pt-pt\/#organization"},"potentialAction":[{"@type":"SearchAction","target":{"@type":"EntryPoint","urlTemplate":"https:\/\/www.palmaresliving.com\/pt-pt\/?s={search_term_string}"},"query-input":{"@type":"PropertyValueSpecification","valueRequired":true,"valueName":"search_term_string"}}],"inLanguage":"pt-PT"},{"@type":"Organization","@id":"https:\/\/www.palmaresliving.com\/pt-pt\/#organization","name":"Palmares","url":"https:\/\/www.palmaresliving.com\/pt-pt\/","logo":{"@type":"ImageObject","inLanguage":"pt-PT","@id":"https:\/\/www.palmaresliving.com\/pt-pt\/#\/schema\/logo\/image\/","url":"https:\/\/www.palmaresliving.com\/wp-content\/uploads\/2025\/03\/logo-palmares.svg","contentUrl":"https:\/\/www.palmaresliving.com\/wp-content\/uploads\/2025\/03\/logo-palmares.svg","width":165,"height":15,"caption":"Palmares"},"image":{"@id":"https:\/\/www.palmaresliving.com\/pt-pt\/#\/schema\/logo\/image\/"}},{"@type":"Person","@id":"https:\/\/www.palmaresliving.com\/pt-pt\/#\/schema\/person\/e8ba27dc255dfcb80e976dc20b1e9e7c","name":"fred","sameAs":["https:\/\/www.palmaresliving.com"],"url":"https:\/\/www.palmaresliving.com\/pt-pt\/blog\/author\/fred\/"}]}},"_links":{"self":[{"href":"https:\/\/www.palmaresliving.com\/pt-pt\/wp-json\/wp\/v2\/posts\/5104","targetHints":{"allow":["GET"]}}],"collection":[{"href":"https:\/\/www.palmaresliving.com\/pt-pt\/wp-json\/wp\/v2\/posts"}],"about":[{"href":"https:\/\/www.palmaresliving.com\/pt-pt\/wp-json\/wp\/v2\/types\/post"}],"author":[{"embeddable":true,"href":"https:\/\/www.palmaresliving.com\/pt-pt\/wp-json\/wp\/v2\/users\/1"}],"replies":[{"embeddable":true,"href":"https:\/\/www.palmaresliving.com\/pt-pt\/wp-json\/wp\/v2\/comments?post=5104"}],"version-history":[{"count":2,"href":"https:\/\/www.palmaresliving.com\/pt-pt\/wp-json\/wp\/v2\/posts\/5104\/revisions"}],"predecessor-version":[{"id":5411,"href":"https:\/\/www.palmaresliving.com\/pt-pt\/wp-json\/wp\/v2\/posts\/5104\/revisions\/5411"}],"wp:featuredmedia":[{"embeddable":true,"href":"https:\/\/www.palmaresliving.com\/pt-pt\/wp-json\/wp\/v2\/media\/5099"}],"wp:attachment":[{"href":"https:\/\/www.palmaresliving.com\/pt-pt\/wp-json\/wp\/v2\/media?parent=5104"}],"wp:term":[{"taxonomy":"category","embeddable":true,"href":"https:\/\/www.palmaresliving.com\/pt-pt\/wp-json\/wp\/v2\/categories?post=5104"},{"taxonomy":"post_tag","embeddable":true,"href":"https:\/\/www.palmaresliving.com\/pt-pt\/wp-json\/wp\/v2\/tags?post=5104"}],"curies":[{"name":"wp","href":"https:\/\/api.w.org\/{rel}","templated":true}]}}